{"id":1627,"date":"2020-03-27T11:37:20","date_gmt":"2020-03-27T10:37:20","guid":{"rendered":"https:\/\/globalimmigration.es\/estado_de_alarma\/"},"modified":"2025-07-10T18:59:06","modified_gmt":"2025-07-10T16:59:06","slug":"estado_de_alarma","status":"publish","type":"post","link":"https:\/\/globalimmigration.es\/en\/estado_de_alarma\/","title":{"rendered":"El estado de alarma en Espa\u00f1a y los tr\u00e1mites de nacionalidad espa\u00f1ola"},"content":{"rendered":"<p><span style=\"font-weight: 400;\">El decreto del estado de alarma para la gesti\u00f3n de la crisis sanitaria provocada por el COVID-19 preocupa a muchos inmigrantes que tienen un tr\u00e1mite administrativo en marcha y que no saben qu\u00e9 pasar\u00e1 con sus expedientes durante la aplicaci\u00f3n de\u00a0 medidas extraordinarias.\u00a0<\/span><\/p>\n<p><span style=\"font-weight: 400;\">En primer lugar, es importante aclarar que, en que pese las administraciones est\u00e9n cerradas de cara al p\u00fablico y que los plazos administrativos est\u00e9n todos suspensos, los funcionarios siguen trabajando y emitiendo notificaciones y resoluciones para los distintos expedientes de extranjer\u00eda.<\/span><\/p>\n<p><span style=\"font-weight: 400;\">Siendo as\u00ed, cualquier tr\u00e1mite ya solicitado, como expedientes de nacionalidad, no seguir\u00e1 paralizado por la situaci\u00f3n actual.<\/span><\/p>\n<p><span style=\"font-weight: 400;\">En este contexto, si uno quiere empezar un tr\u00e1mite ahora mismo tambi\u00e9n podr\u00e1 hacerlo ya que las solicitudes de nacionalidad se tramitan de manera telem\u00e1tica y por lo tanto no se ven afectadas por el cierre de las administraciones.\u00a0<\/span><\/p>\n<p><span style=\"font-weight: 400;\">Situaci\u00f3n distinta se da para aquellos que a\u00fan estaban en fase de preparaci\u00f3n de sus expedientes y ten\u00edan prevista la realizaci\u00f3n de las pruebas del Instituto Cervantes en los d\u00edas o meses subsecuentes, para ellos hay algunos cambios importantes:\u00a0\u00a0<\/span><\/p>\n<p><span style=\"font-weight: 400;\">Las pruebas DELE de mayo y abril quedan canceladas(*1)<\/span><span style=\"font-weight: 400;\"> , siendo que los candidatos inscritos para la prueba de abril ser\u00e1n transferidos para la convocatoria de julio y qui\u00e9n se vea afectado por la cancelaci\u00f3n de la convocatoria de mayo ser\u00e1 transferido para la convocatoria de septiembre, siendo que, si las fechas alternativas no fueran convenientes, el Instituto Cervantes permite el cambio de fecha o la devoluci\u00f3n del importe pagado.<\/span><\/p>\n<p><span style=\"font-weight: 400;\">A su vez, las pruebas de conocimientos constitucionales y socioculturales de Espa\u00f1a CCSE tuvieron las convocatorias de marzo y abril canceladas(*2)<\/span><span style=\"font-weight: 400;\"> y los afectados ser\u00e1n inscritos de manera autom\u00e1tica en convocatorias alternativas, de modo que, a partir de mayo,\u00a0 el Instituto Cervantes abrir\u00e1 m\u00e1s fechas de ex\u00e1menes para perjudicar lo menos posible a los afectados.<\/span><\/p>\n<p><span style=\"font-weight: 400;\">En relaci\u00f3n con qui\u00e9n ya ten\u00eda su solicitud de nacionalidad aprobada, adem\u00e1s de cita previa en el Registro Civil para realizar el tr\u00e1mite de la jura, tendr\u00e1 la cita cancelada mientras dure el estado de alarma. En que pese no haya habido ning\u00fan comunicado formal, algunos registros civiles ya se posicionaron en el sentido de que dar\u00e1n citas prioritarias para aquellos que tuvieron sus citas canceladas, de modo que puedan proceder con el tr\u00e1mite cuando las restricciones, ocasionadas por el implemento de\u00a0 medidas extraordinarias, queden extinguidas.\u00a0<\/span><\/p>\n<p><span style=\"font-weight: 400;\">Por fin, aquellos que a\u00fan tienen que pedir, dentro de los 180 d\u00edas previstos,\u00a0 cita para la jura, el plazo queda suspendido de modo que no vencer\u00e1 el per\u00edodo m\u00e1ximo para realizar el tr\u00e1mite de la jura.<\/span><\/p>\n<p><span style=\"font-weight: 400;\">\u00a0\u00a0<\/span><\/p>\n<p><span style=\"font-weight: 400;\">(*1) <\/span><a href=\"https:\/\/examenes.cervantes.es\/es\/dele\/cuando\"><span style=\"font-weight: 400;\">https:\/\/examenes.cervantes.es\/es\/dele\/cuando<\/span><\/a><\/p>\n<p><span style=\"font-weight: 400;\">(*2) <\/span><a href=\"https:\/\/examenes.cervantes.es\/es\/ccse\/cuando\"><span style=\"font-weight: 400;\">https:\/\/examenes.cervantes.es\/es\/ccse\/cuando<\/span><\/a><\/p>\n","protected":false},"excerpt":{"rendered":"<p>El decreto del estado de alarma para la gesti\u00f3n de la crisis sanitaria provocada por el COVID-19 preocupa a muchos inmigrantes que tienen un tr\u00e1mite administrativo en marcha y que&#8230;<\/p>\n","protected":false},"author":4,"featured_media":1628,"comment_status":"open","ping_status":"open","sticky":false,"template":"","format":"standard","meta":{"footnotes":""},"categories":[22],"tags":[],"class_list":{"0":"post-1627","1":"post","2":"type-post","3":"status-publish","4":"format-standard","5":"has-post-thumbnail","7":"category-noticias-en"},"yoast_head":"<!-- This site is optimized with the Yoast SEO plugin v27.5 - https:\/\/yoast.com\/product\/yoast-seo-wordpress\/ -->\n<title>El estado de alarma en Espa\u00f1a y los tr\u00e1mites de nacionalidad espa\u00f1ola | Global Immigration<\/title>\n<meta name=\"robots\" content=\"index, follow, max-snippet:-1, max-image-preview:large, max-video-preview:-1\" \/>\n<link rel=\"canonical\" href=\"https:\/\/globalimmigration.es\/en\/estado_de_alarma\/\" \/>\n<meta property=\"og:locale\" content=\"en_US\" \/>\n<meta property=\"og:type\" content=\"article\" \/>\n<meta property=\"og:title\" content=\"El estado de alarma en Espa\u00f1a y los tr\u00e1mites de nacionalidad espa\u00f1ola | Global Immigration\" \/>\n<meta property=\"og:description\" content=\"El decreto del estado de alarma para la gesti\u00f3n de la crisis sanitaria provocada por el COVID-19 preocupa a muchos inmigrantes que tienen un tr\u00e1mite administrativo en marcha y que...\" \/>\n<meta property=\"og:url\" content=\"https:\/\/globalimmigration.es\/en\/estado_de_alarma\/\" \/>\n<meta property=\"og:site_name\" content=\"Global Immigration\" \/>\n<meta property=\"article:published_time\" content=\"2020-03-27T10:37:20+00:00\" \/>\n<meta property=\"article:modified_time\" content=\"2025-07-10T16:59:06+00:00\" \/>\n<meta property=\"og:image\" content=\"https:\/\/globalimmigration.es\/wp-content\/uploads\/2020\/03\/Imagen-Nacionalidad-Corona.jpg\" \/>\n\t<meta property=\"og:image:width\" content=\"1920\" \/>\n\t<meta property=\"og:image:height\" content=\"1080\" \/>\n\t<meta property=\"og:image:type\" content=\"image\/jpeg\" \/>\n<meta name=\"author\" content=\"Isabella Goldman\" \/>\n<meta name=\"twitter:card\" content=\"summary_large_image\" \/>\n<meta name=\"twitter:label1\" content=\"Written by\" \/>\n\t<meta name=\"twitter:data1\" content=\"Isabella Goldman\" \/>\n\t<meta name=\"twitter:label2\" content=\"Est. reading time\" \/>\n\t<meta name=\"twitter:data2\" content=\"2 minutes\" \/>\n<script type=\"application\/ld+json\" class=\"yoast-schema-graph\">{\"@context\":\"https:\\\/\\\/schema.org\",\"@graph\":[{\"@type\":\"Article\",\"@id\":\"https:\\\/\\\/globalimmigration.es\\\/en\\\/estado_de_alarma\\\/#article\",\"isPartOf\":{\"@id\":\"https:\\\/\\\/globalimmigration.es\\\/en\\\/estado_de_alarma\\\/\"},\"author\":{\"name\":\"Isabella Goldman\",\"@id\":\"https:\\\/\\\/globalimmigration.es\\\/#\\\/schema\\\/person\\\/5e3c191c98c9c9bdb172639c64070090\"},\"headline\":\"El estado de alarma en Espa\u00f1a y los tr\u00e1mites de nacionalidad espa\u00f1ola\",\"datePublished\":\"2020-03-27T10:37:20+00:00\",\"dateModified\":\"2025-07-10T16:59:06+00:00\",\"mainEntityOfPage\":{\"@id\":\"https:\\\/\\\/globalimmigration.es\\\/en\\\/estado_de_alarma\\\/\"},\"wordCount\":494,\"commentCount\":0,\"image\":{\"@id\":\"https:\\\/\\\/globalimmigration.es\\\/en\\\/estado_de_alarma\\\/#primaryimage\"},\"thumbnailUrl\":\"https:\\\/\\\/globalimmigration.es\\\/wp-content\\\/uploads\\\/2020\\\/03\\\/Imagen-Nacionalidad-Corona.jpg\",\"articleSection\":[\"Noticias\"],\"inLanguage\":\"en-US\",\"potentialAction\":[{\"@type\":\"CommentAction\",\"name\":\"Comment\",\"target\":[\"https:\\\/\\\/globalimmigration.es\\\/en\\\/estado_de_alarma\\\/#respond\"]}]},{\"@type\":\"WebPage\",\"@id\":\"https:\\\/\\\/globalimmigration.es\\\/en\\\/estado_de_alarma\\\/\",\"url\":\"https:\\\/\\\/globalimmigration.es\\\/en\\\/estado_de_alarma\\\/\",\"name\":\"El estado de alarma en Espa\u00f1a y los tr\u00e1mites de nacionalidad espa\u00f1ola | Global Immigration\",\"isPartOf\":{\"@id\":\"https:\\\/\\\/globalimmigration.es\\\/#website\"},\"primaryImageOfPage\":{\"@id\":\"https:\\\/\\\/globalimmigration.es\\\/en\\\/estado_de_alarma\\\/#primaryimage\"},\"image\":{\"@id\":\"https:\\\/\\\/globalimmigration.es\\\/en\\\/estado_de_alarma\\\/#primaryimage\"},\"thumbnailUrl\":\"https:\\\/\\\/globalimmigration.es\\\/wp-content\\\/uploads\\\/2020\\\/03\\\/Imagen-Nacionalidad-Corona.jpg\",\"datePublished\":\"2020-03-27T10:37:20+00:00\",\"dateModified\":\"2025-07-10T16:59:06+00:00\",\"author\":{\"@id\":\"https:\\\/\\\/globalimmigration.es\\\/#\\\/schema\\\/person\\\/5e3c191c98c9c9bdb172639c64070090\"},\"breadcrumb\":{\"@id\":\"https:\\\/\\\/globalimmigration.es\\\/en\\\/estado_de_alarma\\\/#breadcrumb\"},\"inLanguage\":\"en-US\",\"potentialAction\":[{\"@type\":\"ReadAction\",\"target\":[\"https:\\\/\\\/globalimmigration.es\\\/en\\\/estado_de_alarma\\\/\"]}]},{\"@type\":\"ImageObject\",\"inLanguage\":\"en-US\",\"@id\":\"https:\\\/\\\/globalimmigration.es\\\/en\\\/estado_de_alarma\\\/#primaryimage\",\"url\":\"https:\\\/\\\/globalimmigration.es\\\/wp-content\\\/uploads\\\/2020\\\/03\\\/Imagen-Nacionalidad-Corona.jpg\",\"contentUrl\":\"https:\\\/\\\/globalimmigration.es\\\/wp-content\\\/uploads\\\/2020\\\/03\\\/Imagen-Nacionalidad-Corona.jpg\",\"width\":1920,\"height\":1080,\"caption\":\"El estado de alarma en Espa\u00f1a y los tr\u00e1mites de nacionalidad espa\u00f1ola\"},{\"@type\":\"BreadcrumbList\",\"@id\":\"https:\\\/\\\/globalimmigration.es\\\/en\\\/estado_de_alarma\\\/#breadcrumb\",\"itemListElement\":[{\"@type\":\"ListItem\",\"position\":1,\"name\":\"Home\",\"item\":\"https:\\\/\\\/globalimmigration.es\\\/en\\\/home\\\/\"},{\"@type\":\"ListItem\",\"position\":2,\"name\":\"El estado de alarma en Espa\u00f1a y los tr\u00e1mites de nacionalidad espa\u00f1ola\"}]},{\"@type\":\"WebSite\",\"@id\":\"https:\\\/\\\/globalimmigration.es\\\/#website\",\"url\":\"https:\\\/\\\/globalimmigration.es\\\/\",\"name\":\"Global Immigration\",\"description\":\"\",\"potentialAction\":[{\"@type\":\"SearchAction\",\"target\":{\"@type\":\"EntryPoint\",\"urlTemplate\":\"https:\\\/\\\/globalimmigration.es\\\/?s={search_term_string}\"},\"query-input\":{\"@type\":\"PropertyValueSpecification\",\"valueRequired\":true,\"valueName\":\"search_term_string\"}}],\"inLanguage\":\"en-US\"},{\"@type\":\"Person\",\"@id\":\"https:\\\/\\\/globalimmigration.es\\\/#\\\/schema\\\/person\\\/5e3c191c98c9c9bdb172639c64070090\",\"name\":\"Isabella Goldman\",\"image\":{\"@type\":\"ImageObject\",\"inLanguage\":\"en-US\",\"@id\":\"https:\\\/\\\/secure.gravatar.com\\\/avatar\\\/4aa26c38eb280c14adaa6d272b06798f66a4784dfaf15a1c42f4871931f4a48a?s=96&d=mm&r=g\",\"url\":\"https:\\\/\\\/secure.gravatar.com\\\/avatar\\\/4aa26c38eb280c14adaa6d272b06798f66a4784dfaf15a1c42f4871931f4a48a?s=96&d=mm&r=g\",\"contentUrl\":\"https:\\\/\\\/secure.gravatar.com\\\/avatar\\\/4aa26c38eb280c14adaa6d272b06798f66a4784dfaf15a1c42f4871931f4a48a?s=96&d=mm&r=g\",\"caption\":\"Isabella Goldman\"}}]}<\/script>\n<!-- \/ Yoast SEO plugin. -->","yoast_head_json":{"title":"El estado de alarma en Espa\u00f1a y los tr\u00e1mites de nacionalidad espa\u00f1ola | Global Immigration","robots":{"index":"index","follow":"follow","max-snippet":"max-snippet:-1","max-image-preview":"max-image-preview:large","max-video-preview":"max-video-preview:-1"},"canonical":"https:\/\/globalimmigration.es\/en\/estado_de_alarma\/","og_locale":"en_US","og_type":"article","og_title":"El estado de alarma en Espa\u00f1a y los tr\u00e1mites de nacionalidad espa\u00f1ola | Global Immigration","og_description":"El decreto del estado de alarma para la gesti\u00f3n de la crisis sanitaria provocada por el COVID-19 preocupa a muchos inmigrantes que tienen un tr\u00e1mite administrativo en marcha y que...","og_url":"https:\/\/globalimmigration.es\/en\/estado_de_alarma\/","og_site_name":"Global Immigration","article_published_time":"2020-03-27T10:37:20+00:00","article_modified_time":"2025-07-10T16:59:06+00:00","og_image":[{"width":1920,"height":1080,"url":"https:\/\/globalimmigration.es\/wp-content\/uploads\/2020\/03\/Imagen-Nacionalidad-Corona.jpg","type":"image\/jpeg"}],"author":"Isabella Goldman","twitter_card":"summary_large_image","twitter_misc":{"Written by":"Isabella Goldman","Est. reading time":"2 minutes"},"schema":{"@context":"https:\/\/schema.org","@graph":[{"@type":"Article","@id":"https:\/\/globalimmigration.es\/en\/estado_de_alarma\/#article","isPartOf":{"@id":"https:\/\/globalimmigration.es\/en\/estado_de_alarma\/"},"author":{"name":"Isabella Goldman","@id":"https:\/\/globalimmigration.es\/#\/schema\/person\/5e3c191c98c9c9bdb172639c64070090"},"headline":"El estado de alarma en Espa\u00f1a y los tr\u00e1mites de nacionalidad espa\u00f1ola","datePublished":"2020-03-27T10:37:20+00:00","dateModified":"2025-07-10T16:59:06+00:00","mainEntityOfPage":{"@id":"https:\/\/globalimmigration.es\/en\/estado_de_alarma\/"},"wordCount":494,"commentCount":0,"image":{"@id":"https:\/\/globalimmigration.es\/en\/estado_de_alarma\/#primaryimage"},"thumbnailUrl":"https:\/\/globalimmigration.es\/wp-content\/uploads\/2020\/03\/Imagen-Nacionalidad-Corona.jpg","articleSection":["Noticias"],"inLanguage":"en-US","potentialAction":[{"@type":"CommentAction","name":"Comment","target":["https:\/\/globalimmigration.es\/en\/estado_de_alarma\/#respond"]}]},{"@type":"WebPage","@id":"https:\/\/globalimmigration.es\/en\/estado_de_alarma\/","url":"https:\/\/globalimmigration.es\/en\/estado_de_alarma\/","name":"El estado de alarma en Espa\u00f1a y los tr\u00e1mites de nacionalidad espa\u00f1ola | Global Immigration","isPartOf":{"@id":"https:\/\/globalimmigration.es\/#website"},"primaryImageOfPage":{"@id":"https:\/\/globalimmigration.es\/en\/estado_de_alarma\/#primaryimage"},"image":{"@id":"https:\/\/globalimmigration.es\/en\/estado_de_alarma\/#primaryimage"},"thumbnailUrl":"https:\/\/globalimmigration.es\/wp-content\/uploads\/2020\/03\/Imagen-Nacionalidad-Corona.jpg","datePublished":"2020-03-27T10:37:20+00:00","dateModified":"2025-07-10T16:59:06+00:00","author":{"@id":"https:\/\/globalimmigration.es\/#\/schema\/person\/5e3c191c98c9c9bdb172639c64070090"},"breadcrumb":{"@id":"https:\/\/globalimmigration.es\/en\/estado_de_alarma\/#breadcrumb"},"inLanguage":"en-US","potentialAction":[{"@type":"ReadAction","target":["https:\/\/globalimmigration.es\/en\/estado_de_alarma\/"]}]},{"@type":"ImageObject","inLanguage":"en-US","@id":"https:\/\/globalimmigration.es\/en\/estado_de_alarma\/#primaryimage","url":"https:\/\/globalimmigration.es\/wp-content\/uploads\/2020\/03\/Imagen-Nacionalidad-Corona.jpg","contentUrl":"https:\/\/globalimmigration.es\/wp-content\/uploads\/2020\/03\/Imagen-Nacionalidad-Corona.jpg","width":1920,"height":1080,"caption":"El estado de alarma en Espa\u00f1a y los tr\u00e1mites de nacionalidad espa\u00f1ola"},{"@type":"BreadcrumbList","@id":"https:\/\/globalimmigration.es\/en\/estado_de_alarma\/#breadcrumb","itemListElement":[{"@type":"ListItem","position":1,"name":"Home","item":"https:\/\/globalimmigration.es\/en\/home\/"},{"@type":"ListItem","position":2,"name":"El estado de alarma en Espa\u00f1a y los tr\u00e1mites de nacionalidad espa\u00f1ola"}]},{"@type":"WebSite","@id":"https:\/\/globalimmigration.es\/#website","url":"https:\/\/globalimmigration.es\/","name":"Global Immigration","description":"","potentialAction":[{"@type":"SearchAction","target":{"@type":"EntryPoint","urlTemplate":"https:\/\/globalimmigration.es\/?s={search_term_string}"},"query-input":{"@type":"PropertyValueSpecification","valueRequired":true,"valueName":"search_term_string"}}],"inLanguage":"en-US"},{"@type":"Person","@id":"https:\/\/globalimmigration.es\/#\/schema\/person\/5e3c191c98c9c9bdb172639c64070090","name":"Isabella Goldman","image":{"@type":"ImageObject","inLanguage":"en-US","@id":"https:\/\/secure.gravatar.com\/avatar\/4aa26c38eb280c14adaa6d272b06798f66a4784dfaf15a1c42f4871931f4a48a?s=96&d=mm&r=g","url":"https:\/\/secure.gravatar.com\/avatar\/4aa26c38eb280c14adaa6d272b06798f66a4784dfaf15a1c42f4871931f4a48a?s=96&d=mm&r=g","contentUrl":"https:\/\/secure.gravatar.com\/avatar\/4aa26c38eb280c14adaa6d272b06798f66a4784dfaf15a1c42f4871931f4a48a?s=96&d=mm&r=g","caption":"Isabella Goldman"}}]}},"_links":{"self":[{"href":"https:\/\/globalimmigration.es\/en\/wp-json\/wp\/v2\/posts\/1627","targetHints":{"allow":["GET"]}}],"collection":[{"href":"https:\/\/globalimmigration.es\/en\/wp-json\/wp\/v2\/posts"}],"about":[{"href":"https:\/\/globalimmigration.es\/en\/wp-json\/wp\/v2\/types\/post"}],"author":[{"embeddable":true,"href":"https:\/\/globalimmigration.es\/en\/wp-json\/wp\/v2\/users\/4"}],"replies":[{"embeddable":true,"href":"https:\/\/globalimmigration.es\/en\/wp-json\/wp\/v2\/comments?post=1627"}],"version-history":[{"count":1,"href":"https:\/\/globalimmigration.es\/en\/wp-json\/wp\/v2\/posts\/1627\/revisions"}],"predecessor-version":[{"id":1673,"href":"https:\/\/globalimmigration.es\/en\/wp-json\/wp\/v2\/posts\/1627\/revisions\/1673"}],"wp:featuredmedia":[{"embeddable":true,"href":"https:\/\/globalimmigration.es\/en\/wp-json\/wp\/v2\/media\/1628"}],"wp:attachment":[{"href":"https:\/\/globalimmigration.es\/en\/wp-json\/wp\/v2\/media?parent=1627"}],"wp:term":[{"taxonomy":"category","embeddable":true,"href":"https:\/\/globalimmigration.es\/en\/wp-json\/wp\/v2\/categories?post=1627"},{"taxonomy":"post_tag","embeddable":true,"href":"https:\/\/globalimmigration.es\/en\/wp-json\/wp\/v2\/tags?post=1627"}],"curies":[{"name":"wp","href":"https:\/\/api.w.org\/{rel}","templated":true}]}}