{"id":1629,"date":"2020-03-25T11:26:23","date_gmt":"2020-03-25T10:26:23","guid":{"rendered":"https:\/\/globalimmigration.es\/recursos-economicos-familiares-comunitarios\/"},"modified":"2025-07-10T18:59:03","modified_gmt":"2025-07-10T16:59:03","slug":"recursos-economicos-familiares-comunitarios","status":"publish","type":"post","link":"https:\/\/globalimmigration.es\/en\/recursos-economicos-familiares-comunitarios\/","title":{"rendered":"Recursos econ\u00f3micos para la residencia de familiares de comunitarios"},"content":{"rendered":"<p><strong>Derecho de residencia a familiares de ciudadanos comunitarios que no ejercen actividad laboral en Espa\u00f1a<\/strong><\/p>\n<p>El derecho de residencia a los ciudadanos comunitarios y sus familiares est\u00e1 previsto en el art\u00edculo 7 del Real Decreto 240\/07, al establecer, entre otros supuestos, que si el ciudadano de la Uni\u00f3n no ejerce actividad laboral en Espa\u00f1a debe disponer, para s\u00ed y para los miembros de su familia, de recursos suficientes, para que no se convierta en una carga para la asistencia social espa\u00f1ola.<\/p>\n<p>Siendo que, en lo que se refiere a los recursos econ\u00f3micos, el Real Decreto prev\u00e9 que no se puede establecer un importe fijo exigible, sino que la Administraci\u00f3n debe tener en cuenta la situaci\u00f3n personal de los ciudadanos comunitarios con la finalidad de valorar si debe emitir la documentaci\u00f3n correspondiente.<\/p>\n<p>En este contexto, el l\u00edmite m\u00e1ximo exigible no puede superar al importe fijado cada a\u00f1o, por Ley de Presupuestos Generales del Estado, para generar el derecho a recibir una prestaci\u00f3n no contributiva(*). De modo que, si el ciudadano de la Uni\u00f3n Europea acredita poseer dichas cantidades no se le puede denegar la concesi\u00f3n de la autorizaci\u00f3n de residencia al familiar extra comunitario que est\u00e9 a su cargo.<\/p>\n<p>A\u00fan as\u00ed, la Administraci\u00f3n, valorando individualmente cada expediente, puede emitir la documentaci\u00f3n correspondiente incluso si el ciudadano de la Uni\u00f3n no dispusiera de las cantidades suficientes.<\/p>\n<p>A su vez, es importante mencionar que hay libertad probatoria para demostrar la disponibilidad de recursos econ\u00f3micos, seg\u00fan lo establecido en la Orden PRE 1490\/2012.<\/p>\n<p>Siendo as\u00ed, se puede evidenciar la disponibilidad de medios econ\u00f3micos por ingresos peri\u00f3dicos, por cantidad disponible en cuenta, por la tenencia de un patrimonio como t\u00edtulos de propriedad, entre otros, sin que se exija, por normativa, que los recursos se refieran a rentas o patrimonio que est\u00e9n en Espa\u00f1a y tampoco que las cantidades se encuentren contabilizadas en euros.<\/p>\n<p>Sin embargo, por la experiencia pr\u00e1ctica, es recomendable que, si el ciudadano comunitario y su unidad familiar viven en Espa\u00f1a, tengan dinero o patrimonio en este Estado.<\/p>\n<p>&nbsp;<\/p>\n<p>(*) <a href=\"http:\/\/www.mitramiss.gob.es\/es\/Guia\/texto\/guia_14\/contenidos\/guia_14_34_1.htm\">http:\/\/www.mitramiss.gob.es\/es\/Guia\/texto\/guia_14\/contenidos\/guia_14_34_1.htm<\/a><\/p>\n","protected":false},"excerpt":{"rendered":"<p>Derecho de residencia a familiares de ciudadanos comunitarios que no ejercen actividad laboral en Espa\u00f1a El derecho de residencia a los ciudadanos comunitarios y sus familiares est\u00e1 previsto en el&#8230;<\/p>\n","protected":false},"author":4,"featured_media":1630,"comment_status":"open","ping_status":"open","sticky":false,"template":"","format":"standard","meta":{"footnotes":""},"categories":[22],"tags":[],"class_list":{"0":"post-1629","1":"post","2":"type-post","3":"status-publish","4":"format-standard","5":"has-post-thumbnail","7":"category-noticias-en"},"yoast_head":"<!-- This site is optimized with the Yoast SEO plugin v27.5 - https:\/\/yoast.com\/product\/yoast-seo-wordpress\/ -->\n<title>Recursos econ\u00f3micos para la residencia de familiares de comunitarios | Global Immigration<\/title>\n<meta name=\"robots\" content=\"index, follow, max-snippet:-1, max-image-preview:large, max-video-preview:-1\" \/>\n<link rel=\"canonical\" href=\"https:\/\/globalimmigration.es\/en\/recursos-economicos-familiares-comunitarios\/\" \/>\n<meta property=\"og:locale\" content=\"en_US\" \/>\n<meta property=\"og:type\" content=\"article\" \/>\n<meta property=\"og:title\" content=\"Recursos econ\u00f3micos para la residencia de familiares de comunitarios | Global Immigration\" \/>\n<meta property=\"og:description\" content=\"Derecho de residencia a familiares de ciudadanos comunitarios que no ejercen actividad laboral en Espa\u00f1a El derecho de residencia a los ciudadanos comunitarios y sus familiares est\u00e1 previsto en el...\" \/>\n<meta property=\"og:url\" content=\"https:\/\/globalimmigration.es\/en\/recursos-economicos-familiares-comunitarios\/\" \/>\n<meta property=\"og:site_name\" content=\"Global Immigration\" \/>\n<meta property=\"article:published_time\" content=\"2020-03-25T10:26:23+00:00\" \/>\n<meta property=\"article:modified_time\" content=\"2025-07-10T16:59:03+00:00\" \/>\n<meta property=\"og:image\" content=\"https:\/\/globalimmigration.es\/wp-content\/uploads\/2020\/03\/FamiliarComunitario.jpg\" \/>\n\t<meta property=\"og:image:width\" content=\"1920\" \/>\n\t<meta property=\"og:image:height\" content=\"1280\" \/>\n\t<meta property=\"og:image:type\" content=\"image\/jpeg\" \/>\n<meta name=\"author\" content=\"Isabella Goldman\" \/>\n<meta name=\"twitter:card\" content=\"summary_large_image\" \/>\n<meta name=\"twitter:label1\" content=\"Written by\" \/>\n\t<meta name=\"twitter:data1\" content=\"Isabella Goldman\" \/>\n\t<meta name=\"twitter:label2\" content=\"Est. reading time\" \/>\n\t<meta name=\"twitter:data2\" content=\"2 minutes\" \/>\n<script type=\"application\/ld+json\" class=\"yoast-schema-graph\">{\"@context\":\"https:\\\/\\\/schema.org\",\"@graph\":[{\"@type\":\"Article\",\"@id\":\"https:\\\/\\\/globalimmigration.es\\\/en\\\/recursos-economicos-familiares-comunitarios\\\/#article\",\"isPartOf\":{\"@id\":\"https:\\\/\\\/globalimmigration.es\\\/en\\\/recursos-economicos-familiares-comunitarios\\\/\"},\"author\":{\"name\":\"Isabella Goldman\",\"@id\":\"https:\\\/\\\/globalimmigration.es\\\/#\\\/schema\\\/person\\\/5e3c191c98c9c9bdb172639c64070090\"},\"headline\":\"Recursos econ\u00f3micos para la residencia de familiares de comunitarios\",\"datePublished\":\"2020-03-25T10:26:23+00:00\",\"dateModified\":\"2025-07-10T16:59:03+00:00\",\"mainEntityOfPage\":{\"@id\":\"https:\\\/\\\/globalimmigration.es\\\/en\\\/recursos-economicos-familiares-comunitarios\\\/\"},\"wordCount\":384,\"commentCount\":0,\"image\":{\"@id\":\"https:\\\/\\\/globalimmigration.es\\\/en\\\/recursos-economicos-familiares-comunitarios\\\/#primaryimage\"},\"thumbnailUrl\":\"https:\\\/\\\/globalimmigration.es\\\/wp-content\\\/uploads\\\/2020\\\/03\\\/FamiliarComunitario.jpg\",\"articleSection\":[\"Noticias\"],\"inLanguage\":\"en-US\",\"potentialAction\":[{\"@type\":\"CommentAction\",\"name\":\"Comment\",\"target\":[\"https:\\\/\\\/globalimmigration.es\\\/en\\\/recursos-economicos-familiares-comunitarios\\\/#respond\"]}]},{\"@type\":\"WebPage\",\"@id\":\"https:\\\/\\\/globalimmigration.es\\\/en\\\/recursos-economicos-familiares-comunitarios\\\/\",\"url\":\"https:\\\/\\\/globalimmigration.es\\\/en\\\/recursos-economicos-familiares-comunitarios\\\/\",\"name\":\"Recursos econ\u00f3micos para la residencia de familiares de comunitarios | Global Immigration\",\"isPartOf\":{\"@id\":\"https:\\\/\\\/globalimmigration.es\\\/#website\"},\"primaryImageOfPage\":{\"@id\":\"https:\\\/\\\/globalimmigration.es\\\/en\\\/recursos-economicos-familiares-comunitarios\\\/#primaryimage\"},\"image\":{\"@id\":\"https:\\\/\\\/globalimmigration.es\\\/en\\\/recursos-economicos-familiares-comunitarios\\\/#primaryimage\"},\"thumbnailUrl\":\"https:\\\/\\\/globalimmigration.es\\\/wp-content\\\/uploads\\\/2020\\\/03\\\/FamiliarComunitario.jpg\",\"datePublished\":\"2020-03-25T10:26:23+00:00\",\"dateModified\":\"2025-07-10T16:59:03+00:00\",\"author\":{\"@id\":\"https:\\\/\\\/globalimmigration.es\\\/#\\\/schema\\\/person\\\/5e3c191c98c9c9bdb172639c64070090\"},\"breadcrumb\":{\"@id\":\"https:\\\/\\\/globalimmigration.es\\\/en\\\/recursos-economicos-familiares-comunitarios\\\/#breadcrumb\"},\"inLanguage\":\"en-US\",\"potentialAction\":[{\"@type\":\"ReadAction\",\"target\":[\"https:\\\/\\\/globalimmigration.es\\\/en\\\/recursos-economicos-familiares-comunitarios\\\/\"]}]},{\"@type\":\"ImageObject\",\"inLanguage\":\"en-US\",\"@id\":\"https:\\\/\\\/globalimmigration.es\\\/en\\\/recursos-economicos-familiares-comunitarios\\\/#primaryimage\",\"url\":\"https:\\\/\\\/globalimmigration.es\\\/wp-content\\\/uploads\\\/2020\\\/03\\\/FamiliarComunitario.jpg\",\"contentUrl\":\"https:\\\/\\\/globalimmigration.es\\\/wp-content\\\/uploads\\\/2020\\\/03\\\/FamiliarComunitario.jpg\",\"width\":1920,\"height\":1280,\"caption\":\"Recursos econ\u00f3micos para la residencia de familiares de comunitarios\"},{\"@type\":\"BreadcrumbList\",\"@id\":\"https:\\\/\\\/globalimmigration.es\\\/en\\\/recursos-economicos-familiares-comunitarios\\\/#breadcrumb\",\"itemListElement\":[{\"@type\":\"ListItem\",\"position\":1,\"name\":\"Home\",\"item\":\"https:\\\/\\\/globalimmigration.es\\\/en\\\/home\\\/\"},{\"@type\":\"ListItem\",\"position\":2,\"name\":\"Recursos econ\u00f3micos para la residencia de familiares de comunitarios\"}]},{\"@type\":\"WebSite\",\"@id\":\"https:\\\/\\\/globalimmigration.es\\\/#website\",\"url\":\"https:\\\/\\\/globalimmigration.es\\\/\",\"name\":\"Global Immigration\",\"description\":\"\",\"potentialAction\":[{\"@type\":\"SearchAction\",\"target\":{\"@type\":\"EntryPoint\",\"urlTemplate\":\"https:\\\/\\\/globalimmigration.es\\\/?s={search_term_string}\"},\"query-input\":{\"@type\":\"PropertyValueSpecification\",\"valueRequired\":true,\"valueName\":\"search_term_string\"}}],\"inLanguage\":\"en-US\"},{\"@type\":\"Person\",\"@id\":\"https:\\\/\\\/globalimmigration.es\\\/#\\\/schema\\\/person\\\/5e3c191c98c9c9bdb172639c64070090\",\"name\":\"Isabella Goldman\",\"image\":{\"@type\":\"ImageObject\",\"inLanguage\":\"en-US\",\"@id\":\"https:\\\/\\\/secure.gravatar.com\\\/avatar\\\/4aa26c38eb280c14adaa6d272b06798f66a4784dfaf15a1c42f4871931f4a48a?s=96&d=mm&r=g\",\"url\":\"https:\\\/\\\/secure.gravatar.com\\\/avatar\\\/4aa26c38eb280c14adaa6d272b06798f66a4784dfaf15a1c42f4871931f4a48a?s=96&d=mm&r=g\",\"contentUrl\":\"https:\\\/\\\/secure.gravatar.com\\\/avatar\\\/4aa26c38eb280c14adaa6d272b06798f66a4784dfaf15a1c42f4871931f4a48a?s=96&d=mm&r=g\",\"caption\":\"Isabella Goldman\"}}]}<\/script>\n<!-- \/ Yoast SEO plugin. -->","yoast_head_json":{"title":"Recursos econ\u00f3micos para la residencia de familiares de comunitarios | Global Immigration","robots":{"index":"index","follow":"follow","max-snippet":"max-snippet:-1","max-image-preview":"max-image-preview:large","max-video-preview":"max-video-preview:-1"},"canonical":"https:\/\/globalimmigration.es\/en\/recursos-economicos-familiares-comunitarios\/","og_locale":"en_US","og_type":"article","og_title":"Recursos econ\u00f3micos para la residencia de familiares de comunitarios | Global Immigration","og_description":"Derecho de residencia a familiares de ciudadanos comunitarios que no ejercen actividad laboral en Espa\u00f1a El derecho de residencia a los ciudadanos comunitarios y sus familiares est\u00e1 previsto en el...","og_url":"https:\/\/globalimmigration.es\/en\/recursos-economicos-familiares-comunitarios\/","og_site_name":"Global Immigration","article_published_time":"2020-03-25T10:26:23+00:00","article_modified_time":"2025-07-10T16:59:03+00:00","og_image":[{"width":1920,"height":1280,"url":"https:\/\/globalimmigration.es\/wp-content\/uploads\/2020\/03\/FamiliarComunitario.jpg","type":"image\/jpeg"}],"author":"Isabella Goldman","twitter_card":"summary_large_image","twitter_misc":{"Written by":"Isabella Goldman","Est. reading time":"2 minutes"},"schema":{"@context":"https:\/\/schema.org","@graph":[{"@type":"Article","@id":"https:\/\/globalimmigration.es\/en\/recursos-economicos-familiares-comunitarios\/#article","isPartOf":{"@id":"https:\/\/globalimmigration.es\/en\/recursos-economicos-familiares-comunitarios\/"},"author":{"name":"Isabella Goldman","@id":"https:\/\/globalimmigration.es\/#\/schema\/person\/5e3c191c98c9c9bdb172639c64070090"},"headline":"Recursos econ\u00f3micos para la residencia de familiares de comunitarios","datePublished":"2020-03-25T10:26:23+00:00","dateModified":"2025-07-10T16:59:03+00:00","mainEntityOfPage":{"@id":"https:\/\/globalimmigration.es\/en\/recursos-economicos-familiares-comunitarios\/"},"wordCount":384,"commentCount":0,"image":{"@id":"https:\/\/globalimmigration.es\/en\/recursos-economicos-familiares-comunitarios\/#primaryimage"},"thumbnailUrl":"https:\/\/globalimmigration.es\/wp-content\/uploads\/2020\/03\/FamiliarComunitario.jpg","articleSection":["Noticias"],"inLanguage":"en-US","potentialAction":[{"@type":"CommentAction","name":"Comment","target":["https:\/\/globalimmigration.es\/en\/recursos-economicos-familiares-comunitarios\/#respond"]}]},{"@type":"WebPage","@id":"https:\/\/globalimmigration.es\/en\/recursos-economicos-familiares-comunitarios\/","url":"https:\/\/globalimmigration.es\/en\/recursos-economicos-familiares-comunitarios\/","name":"Recursos econ\u00f3micos para la residencia de familiares de comunitarios | Global Immigration","isPartOf":{"@id":"https:\/\/globalimmigration.es\/#website"},"primaryImageOfPage":{"@id":"https:\/\/globalimmigration.es\/en\/recursos-economicos-familiares-comunitarios\/#primaryimage"},"image":{"@id":"https:\/\/globalimmigration.es\/en\/recursos-economicos-familiares-comunitarios\/#primaryimage"},"thumbnailUrl":"https:\/\/globalimmigration.es\/wp-content\/uploads\/2020\/03\/FamiliarComunitario.jpg","datePublished":"2020-03-25T10:26:23+00:00","dateModified":"2025-07-10T16:59:03+00:00","author":{"@id":"https:\/\/globalimmigration.es\/#\/schema\/person\/5e3c191c98c9c9bdb172639c64070090"},"breadcrumb":{"@id":"https:\/\/globalimmigration.es\/en\/recursos-economicos-familiares-comunitarios\/#breadcrumb"},"inLanguage":"en-US","potentialAction":[{"@type":"ReadAction","target":["https:\/\/globalimmigration.es\/en\/recursos-economicos-familiares-comunitarios\/"]}]},{"@type":"ImageObject","inLanguage":"en-US","@id":"https:\/\/globalimmigration.es\/en\/recursos-economicos-familiares-comunitarios\/#primaryimage","url":"https:\/\/globalimmigration.es\/wp-content\/uploads\/2020\/03\/FamiliarComunitario.jpg","contentUrl":"https:\/\/globalimmigration.es\/wp-content\/uploads\/2020\/03\/FamiliarComunitario.jpg","width":1920,"height":1280,"caption":"Recursos econ\u00f3micos para la residencia de familiares de comunitarios"},{"@type":"BreadcrumbList","@id":"https:\/\/globalimmigration.es\/en\/recursos-economicos-familiares-comunitarios\/#breadcrumb","itemListElement":[{"@type":"ListItem","position":1,"name":"Home","item":"https:\/\/globalimmigration.es\/en\/home\/"},{"@type":"ListItem","position":2,"name":"Recursos econ\u00f3micos para la residencia de familiares de comunitarios"}]},{"@type":"WebSite","@id":"https:\/\/globalimmigration.es\/#website","url":"https:\/\/globalimmigration.es\/","name":"Global Immigration","description":"","potentialAction":[{"@type":"SearchAction","target":{"@type":"EntryPoint","urlTemplate":"https:\/\/globalimmigration.es\/?s={search_term_string}"},"query-input":{"@type":"PropertyValueSpecification","valueRequired":true,"valueName":"search_term_string"}}],"inLanguage":"en-US"},{"@type":"Person","@id":"https:\/\/globalimmigration.es\/#\/schema\/person\/5e3c191c98c9c9bdb172639c64070090","name":"Isabella Goldman","image":{"@type":"ImageObject","inLanguage":"en-US","@id":"https:\/\/secure.gravatar.com\/avatar\/4aa26c38eb280c14adaa6d272b06798f66a4784dfaf15a1c42f4871931f4a48a?s=96&d=mm&r=g","url":"https:\/\/secure.gravatar.com\/avatar\/4aa26c38eb280c14adaa6d272b06798f66a4784dfaf15a1c42f4871931f4a48a?s=96&d=mm&r=g","contentUrl":"https:\/\/secure.gravatar.com\/avatar\/4aa26c38eb280c14adaa6d272b06798f66a4784dfaf15a1c42f4871931f4a48a?s=96&d=mm&r=g","caption":"Isabella Goldman"}}]}},"_links":{"self":[{"href":"https:\/\/globalimmigration.es\/en\/wp-json\/wp\/v2\/posts\/1629","targetHints":{"allow":["GET"]}}],"collection":[{"href":"https:\/\/globalimmigration.es\/en\/wp-json\/wp\/v2\/posts"}],"about":[{"href":"https:\/\/globalimmigration.es\/en\/wp-json\/wp\/v2\/types\/post"}],"author":[{"embeddable":true,"href":"https:\/\/globalimmigration.es\/en\/wp-json\/wp\/v2\/users\/4"}],"replies":[{"embeddable":true,"href":"https:\/\/globalimmigration.es\/en\/wp-json\/wp\/v2\/comments?post=1629"}],"version-history":[{"count":1,"href":"https:\/\/globalimmigration.es\/en\/wp-json\/wp\/v2\/posts\/1629\/revisions"}],"predecessor-version":[{"id":1677,"href":"https:\/\/globalimmigration.es\/en\/wp-json\/wp\/v2\/posts\/1629\/revisions\/1677"}],"wp:featuredmedia":[{"embeddable":true,"href":"https:\/\/globalimmigration.es\/en\/wp-json\/wp\/v2\/media\/1630"}],"wp:attachment":[{"href":"https:\/\/globalimmigration.es\/en\/wp-json\/wp\/v2\/media?parent=1629"}],"wp:term":[{"taxonomy":"category","embeddable":true,"href":"https:\/\/globalimmigration.es\/en\/wp-json\/wp\/v2\/categories?post=1629"},{"taxonomy":"post_tag","embeddable":true,"href":"https:\/\/globalimmigration.es\/en\/wp-json\/wp\/v2\/tags?post=1629"}],"curies":[{"name":"wp","href":"https:\/\/api.w.org\/{rel}","templated":true}]}}