{"id":1637,"date":"2018-11-09T17:39:29","date_gmt":"2018-11-09T17:39:29","guid":{"rendered":"https:\/\/globalimmigration.es\/workshop-para-profesionales-expatriados-en-la-cambra-de-comerc-brasil-catalunya\/"},"modified":"2018-11-09T17:39:29","modified_gmt":"2018-11-09T17:39:29","slug":"workshop-para-profesionales-expatriados-en-la-cambra-de-comerc-brasil-catalunya","status":"publish","type":"post","link":"https:\/\/globalimmigration.es\/en\/workshop-para-profesionales-expatriados-en-la-cambra-de-comerc-brasil-catalunya\/","title":{"rendered":"Workshop para profesionales expatriados en la Cambra de Comer\u00e7 Brasil-Catalunya"},"content":{"rendered":"<p><img loading=\"lazy\" decoding=\"async\" class=\"alignnone wp-image-848\" src=\"https:\/\/globalimmigration.es\/wp-content\/uploads\/2018\/11\/Cambra_logos-300x98.jpg\" alt=\"\" width=\"1001\" height=\"327\" srcset=\"https:\/\/globalimmigration.es\/wp-content\/uploads\/2018\/11\/Cambra_logos-300x98.jpg 300w, https:\/\/globalimmigration.es\/wp-content\/uploads\/2018\/11\/Cambra_logos-1024x336.jpg 1024w, https:\/\/globalimmigration.es\/wp-content\/uploads\/2018\/11\/Cambra_logos-768x252.jpg 768w, https:\/\/globalimmigration.es\/wp-content\/uploads\/2018\/11\/Cambra_logos-1536x504.jpg 1536w, https:\/\/globalimmigration.es\/wp-content\/uploads\/2018\/11\/Cambra_logos.jpg 1920w\" sizes=\"auto, (max-width: 1001px) 100vw, 1001px\" \/><\/p>\n<p style=\"font-weight: 400;\">Isabella, representando Global Immigration, y Alicia Ribas fueron invitadas por la Cambra de Comer\u00e7 Brasil Catalunya para organizar un workshop a profesionales expatriados que desean poner en marcha un cambio de vida profesional hacia la actividad emprendedora.<\/p>\n<p style=\"font-weight: 400;\">El workshop destac\u00f3 el marco empresarial y jur\u00eddico que resulta necesario para emprender, adaptado a la realidad profesional del expatriado.<\/p>\n<p style=\"font-weight: 400;\">Isabella, creadora de Global Immigration.es, es abogada comunit\u00e1ria y se dedica al asesoramiento legal de extranjer\u00eda e inmigraci\u00f3n en Espa\u00f1a.<\/p>\n<p style=\"font-weight: 400;\">Alicia es Coach empresarial e inici\u00f3 su primera actividad empresarial en Brasil en 2014 siendo expatriada de una multinacional. Es autora del libro &#8220;Haz tu cambio ahora&#8221; y se dedica a implementar ideas de negocio para emprendedores.<\/p>\n<p style=\"font-weight: 400;\">Ambas muestran juntas que la mezcla cultural y la condici\u00f3n de expatriado es un valor a\u00f1adido al mundo empresarial.<\/p>\n<p>&nbsp;<\/p>\n","protected":false},"excerpt":{"rendered":"<p>Isabella, representando Global Immigration, y Alicia Ribas fueron invitadas por la Cambra de Comer\u00e7 Brasil Catalunya para organizar un workshop a profesionales expatriados que desean poner en marcha un cambio&#8230;<\/p>\n","protected":false},"author":4,"featured_media":1639,"comment_status":"open","ping_status":"open","sticky":false,"template":"","format":"standard","meta":{"footnotes":""},"categories":[22],"tags":[],"class_list":{"0":"post-1637","1":"post","2":"type-post","3":"status-publish","4":"format-standard","5":"has-post-thumbnail","7":"category-noticias-en"},"yoast_head":"<!-- This site is optimized with the Yoast SEO plugin v27.5 - https:\/\/yoast.com\/product\/yoast-seo-wordpress\/ -->\n<title>Workshop para profesionales expatriados en la Cambra de Comer\u00e7 Brasil-Catalunya | Global Immigration<\/title>\n<meta name=\"robots\" content=\"index, follow, max-snippet:-1, max-image-preview:large, max-video-preview:-1\" \/>\n<link rel=\"canonical\" href=\"https:\/\/globalimmigration.es\/en\/workshop-para-profesionales-expatriados-en-la-cambra-de-comerc-brasil-catalunya\/\" \/>\n<meta property=\"og:locale\" content=\"en_US\" \/>\n<meta property=\"og:type\" content=\"article\" \/>\n<meta property=\"og:title\" content=\"Workshop para profesionales expatriados en la Cambra de Comer\u00e7 Brasil-Catalunya | Global Immigration\" \/>\n<meta property=\"og:description\" content=\"Isabella, representando Global Immigration, y Alicia Ribas fueron invitadas por la Cambra de Comer\u00e7 Brasil Catalunya para organizar un workshop a profesionales expatriados que desean poner en marcha un cambio...\" \/>\n<meta property=\"og:url\" content=\"https:\/\/globalimmigration.es\/en\/workshop-para-profesionales-expatriados-en-la-cambra-de-comerc-brasil-catalunya\/\" \/>\n<meta property=\"og:site_name\" content=\"Global Immigration\" \/>\n<meta property=\"article:published_time\" content=\"2018-11-09T17:39:29+00:00\" \/>\n<meta property=\"og:image\" content=\"https:\/\/globalimmigration.es\/wp-content\/uploads\/2018\/11\/Cambra_logos.jpg\" \/>\n\t<meta property=\"og:image:width\" content=\"1920\" \/>\n\t<meta property=\"og:image:height\" content=\"630\" \/>\n\t<meta property=\"og:image:type\" content=\"image\/jpeg\" \/>\n<meta name=\"author\" content=\"Isabella Goldman\" \/>\n<meta name=\"twitter:card\" content=\"summary_large_image\" \/>\n<meta name=\"twitter:label1\" content=\"Written by\" \/>\n\t<meta name=\"twitter:data1\" content=\"Isabella Goldman\" \/>\n\t<meta name=\"twitter:label2\" content=\"Est. reading time\" \/>\n\t<meta name=\"twitter:data2\" content=\"1 minute\" \/>\n<script type=\"application\/ld+json\" class=\"yoast-schema-graph\">{\"@context\":\"https:\\\/\\\/schema.org\",\"@graph\":[{\"@type\":\"Article\",\"@id\":\"https:\\\/\\\/globalimmigration.es\\\/en\\\/workshop-para-profesionales-expatriados-en-la-cambra-de-comerc-brasil-catalunya\\\/#article\",\"isPartOf\":{\"@id\":\"https:\\\/\\\/globalimmigration.es\\\/en\\\/workshop-para-profesionales-expatriados-en-la-cambra-de-comerc-brasil-catalunya\\\/\"},\"author\":{\"name\":\"Isabella Goldman\",\"@id\":\"https:\\\/\\\/globalimmigration.es\\\/#\\\/schema\\\/person\\\/5e3c191c98c9c9bdb172639c64070090\"},\"headline\":\"Workshop para profesionales expatriados en la Cambra de Comer\u00e7 Brasil-Catalunya\",\"datePublished\":\"2018-11-09T17:39:29+00:00\",\"mainEntityOfPage\":{\"@id\":\"https:\\\/\\\/globalimmigration.es\\\/en\\\/workshop-para-profesionales-expatriados-en-la-cambra-de-comerc-brasil-catalunya\\\/\"},\"wordCount\":151,\"commentCount\":0,\"image\":{\"@id\":\"https:\\\/\\\/globalimmigration.es\\\/en\\\/workshop-para-profesionales-expatriados-en-la-cambra-de-comerc-brasil-catalunya\\\/#primaryimage\"},\"thumbnailUrl\":\"https:\\\/\\\/globalimmigration.es\\\/wp-content\\\/uploads\\\/2018\\\/11\\\/Conferencia.jpg\",\"articleSection\":[\"Noticias\"],\"inLanguage\":\"en-US\",\"potentialAction\":[{\"@type\":\"CommentAction\",\"name\":\"Comment\",\"target\":[\"https:\\\/\\\/globalimmigration.es\\\/en\\\/workshop-para-profesionales-expatriados-en-la-cambra-de-comerc-brasil-catalunya\\\/#respond\"]}]},{\"@type\":\"WebPage\",\"@id\":\"https:\\\/\\\/globalimmigration.es\\\/en\\\/workshop-para-profesionales-expatriados-en-la-cambra-de-comerc-brasil-catalunya\\\/\",\"url\":\"https:\\\/\\\/globalimmigration.es\\\/en\\\/workshop-para-profesionales-expatriados-en-la-cambra-de-comerc-brasil-catalunya\\\/\",\"name\":\"Workshop para profesionales expatriados en la Cambra de Comer\u00e7 Brasil-Catalunya | Global Immigration\",\"isPartOf\":{\"@id\":\"https:\\\/\\\/globalimmigration.es\\\/#website\"},\"primaryImageOfPage\":{\"@id\":\"https:\\\/\\\/globalimmigration.es\\\/en\\\/workshop-para-profesionales-expatriados-en-la-cambra-de-comerc-brasil-catalunya\\\/#primaryimage\"},\"image\":{\"@id\":\"https:\\\/\\\/globalimmigration.es\\\/en\\\/workshop-para-profesionales-expatriados-en-la-cambra-de-comerc-brasil-catalunya\\\/#primaryimage\"},\"thumbnailUrl\":\"https:\\\/\\\/globalimmigration.es\\\/wp-content\\\/uploads\\\/2018\\\/11\\\/Conferencia.jpg\",\"datePublished\":\"2018-11-09T17:39:29+00:00\",\"author\":{\"@id\":\"https:\\\/\\\/globalimmigration.es\\\/#\\\/schema\\\/person\\\/5e3c191c98c9c9bdb172639c64070090\"},\"breadcrumb\":{\"@id\":\"https:\\\/\\\/globalimmigration.es\\\/en\\\/workshop-para-profesionales-expatriados-en-la-cambra-de-comerc-brasil-catalunya\\\/#breadcrumb\"},\"inLanguage\":\"en-US\",\"potentialAction\":[{\"@type\":\"ReadAction\",\"target\":[\"https:\\\/\\\/globalimmigration.es\\\/en\\\/workshop-para-profesionales-expatriados-en-la-cambra-de-comerc-brasil-catalunya\\\/\"]}]},{\"@type\":\"ImageObject\",\"inLanguage\":\"en-US\",\"@id\":\"https:\\\/\\\/globalimmigration.es\\\/en\\\/workshop-para-profesionales-expatriados-en-la-cambra-de-comerc-brasil-catalunya\\\/#primaryimage\",\"url\":\"https:\\\/\\\/globalimmigration.es\\\/wp-content\\\/uploads\\\/2018\\\/11\\\/Conferencia.jpg\",\"contentUrl\":\"https:\\\/\\\/globalimmigration.es\\\/wp-content\\\/uploads\\\/2018\\\/11\\\/Conferencia.jpg\",\"width\":879,\"height\":1244},{\"@type\":\"BreadcrumbList\",\"@id\":\"https:\\\/\\\/globalimmigration.es\\\/en\\\/workshop-para-profesionales-expatriados-en-la-cambra-de-comerc-brasil-catalunya\\\/#breadcrumb\",\"itemListElement\":[{\"@type\":\"ListItem\",\"position\":1,\"name\":\"Home\",\"item\":\"https:\\\/\\\/globalimmigration.es\\\/en\\\/home\\\/\"},{\"@type\":\"ListItem\",\"position\":2,\"name\":\"Workshop para profesionales expatriados en la Cambra de Comer\u00e7 Brasil-Catalunya\"}]},{\"@type\":\"WebSite\",\"@id\":\"https:\\\/\\\/globalimmigration.es\\\/#website\",\"url\":\"https:\\\/\\\/globalimmigration.es\\\/\",\"name\":\"Global Immigration\",\"description\":\"\",\"potentialAction\":[{\"@type\":\"SearchAction\",\"target\":{\"@type\":\"EntryPoint\",\"urlTemplate\":\"https:\\\/\\\/globalimmigration.es\\\/?s={search_term_string}\"},\"query-input\":{\"@type\":\"PropertyValueSpecification\",\"valueRequired\":true,\"valueName\":\"search_term_string\"}}],\"inLanguage\":\"en-US\"},{\"@type\":\"Person\",\"@id\":\"https:\\\/\\\/globalimmigration.es\\\/#\\\/schema\\\/person\\\/5e3c191c98c9c9bdb172639c64070090\",\"name\":\"Isabella Goldman\",\"image\":{\"@type\":\"ImageObject\",\"inLanguage\":\"en-US\",\"@id\":\"https:\\\/\\\/secure.gravatar.com\\\/avatar\\\/4aa26c38eb280c14adaa6d272b06798f66a4784dfaf15a1c42f4871931f4a48a?s=96&d=mm&r=g\",\"url\":\"https:\\\/\\\/secure.gravatar.com\\\/avatar\\\/4aa26c38eb280c14adaa6d272b06798f66a4784dfaf15a1c42f4871931f4a48a?s=96&d=mm&r=g\",\"contentUrl\":\"https:\\\/\\\/secure.gravatar.com\\\/avatar\\\/4aa26c38eb280c14adaa6d272b06798f66a4784dfaf15a1c42f4871931f4a48a?s=96&d=mm&r=g\",\"caption\":\"Isabella Goldman\"}}]}<\/script>\n<!-- \/ Yoast SEO plugin. -->","yoast_head_json":{"title":"Workshop para profesionales expatriados en la Cambra de Comer\u00e7 Brasil-Catalunya | Global Immigration","robots":{"index":"index","follow":"follow","max-snippet":"max-snippet:-1","max-image-preview":"max-image-preview:large","max-video-preview":"max-video-preview:-1"},"canonical":"https:\/\/globalimmigration.es\/en\/workshop-para-profesionales-expatriados-en-la-cambra-de-comerc-brasil-catalunya\/","og_locale":"en_US","og_type":"article","og_title":"Workshop para profesionales expatriados en la Cambra de Comer\u00e7 Brasil-Catalunya | Global Immigration","og_description":"Isabella, representando Global Immigration, y Alicia Ribas fueron invitadas por la Cambra de Comer\u00e7 Brasil Catalunya para organizar un workshop a profesionales expatriados que desean poner en marcha un cambio...","og_url":"https:\/\/globalimmigration.es\/en\/workshop-para-profesionales-expatriados-en-la-cambra-de-comerc-brasil-catalunya\/","og_site_name":"Global Immigration","article_published_time":"2018-11-09T17:39:29+00:00","og_image":[{"width":1920,"height":630,"url":"https:\/\/globalimmigration.es\/wp-content\/uploads\/2018\/11\/Cambra_logos.jpg","type":"image\/jpeg"}],"author":"Isabella Goldman","twitter_card":"summary_large_image","twitter_misc":{"Written by":"Isabella Goldman","Est. reading time":"1 minute"},"schema":{"@context":"https:\/\/schema.org","@graph":[{"@type":"Article","@id":"https:\/\/globalimmigration.es\/en\/workshop-para-profesionales-expatriados-en-la-cambra-de-comerc-brasil-catalunya\/#article","isPartOf":{"@id":"https:\/\/globalimmigration.es\/en\/workshop-para-profesionales-expatriados-en-la-cambra-de-comerc-brasil-catalunya\/"},"author":{"name":"Isabella Goldman","@id":"https:\/\/globalimmigration.es\/#\/schema\/person\/5e3c191c98c9c9bdb172639c64070090"},"headline":"Workshop para profesionales expatriados en la Cambra de Comer\u00e7 Brasil-Catalunya","datePublished":"2018-11-09T17:39:29+00:00","mainEntityOfPage":{"@id":"https:\/\/globalimmigration.es\/en\/workshop-para-profesionales-expatriados-en-la-cambra-de-comerc-brasil-catalunya\/"},"wordCount":151,"commentCount":0,"image":{"@id":"https:\/\/globalimmigration.es\/en\/workshop-para-profesionales-expatriados-en-la-cambra-de-comerc-brasil-catalunya\/#primaryimage"},"thumbnailUrl":"https:\/\/globalimmigration.es\/wp-content\/uploads\/2018\/11\/Conferencia.jpg","articleSection":["Noticias"],"inLanguage":"en-US","potentialAction":[{"@type":"CommentAction","name":"Comment","target":["https:\/\/globalimmigration.es\/en\/workshop-para-profesionales-expatriados-en-la-cambra-de-comerc-brasil-catalunya\/#respond"]}]},{"@type":"WebPage","@id":"https:\/\/globalimmigration.es\/en\/workshop-para-profesionales-expatriados-en-la-cambra-de-comerc-brasil-catalunya\/","url":"https:\/\/globalimmigration.es\/en\/workshop-para-profesionales-expatriados-en-la-cambra-de-comerc-brasil-catalunya\/","name":"Workshop para profesionales expatriados en la Cambra de Comer\u00e7 Brasil-Catalunya | Global Immigration","isPartOf":{"@id":"https:\/\/globalimmigration.es\/#website"},"primaryImageOfPage":{"@id":"https:\/\/globalimmigration.es\/en\/workshop-para-profesionales-expatriados-en-la-cambra-de-comerc-brasil-catalunya\/#primaryimage"},"image":{"@id":"https:\/\/globalimmigration.es\/en\/workshop-para-profesionales-expatriados-en-la-cambra-de-comerc-brasil-catalunya\/#primaryimage"},"thumbnailUrl":"https:\/\/globalimmigration.es\/wp-content\/uploads\/2018\/11\/Conferencia.jpg","datePublished":"2018-11-09T17:39:29+00:00","author":{"@id":"https:\/\/globalimmigration.es\/#\/schema\/person\/5e3c191c98c9c9bdb172639c64070090"},"breadcrumb":{"@id":"https:\/\/globalimmigration.es\/en\/workshop-para-profesionales-expatriados-en-la-cambra-de-comerc-brasil-catalunya\/#breadcrumb"},"inLanguage":"en-US","potentialAction":[{"@type":"ReadAction","target":["https:\/\/globalimmigration.es\/en\/workshop-para-profesionales-expatriados-en-la-cambra-de-comerc-brasil-catalunya\/"]}]},{"@type":"ImageObject","inLanguage":"en-US","@id":"https:\/\/globalimmigration.es\/en\/workshop-para-profesionales-expatriados-en-la-cambra-de-comerc-brasil-catalunya\/#primaryimage","url":"https:\/\/globalimmigration.es\/wp-content\/uploads\/2018\/11\/Conferencia.jpg","contentUrl":"https:\/\/globalimmigration.es\/wp-content\/uploads\/2018\/11\/Conferencia.jpg","width":879,"height":1244},{"@type":"BreadcrumbList","@id":"https:\/\/globalimmigration.es\/en\/workshop-para-profesionales-expatriados-en-la-cambra-de-comerc-brasil-catalunya\/#breadcrumb","itemListElement":[{"@type":"ListItem","position":1,"name":"Home","item":"https:\/\/globalimmigration.es\/en\/home\/"},{"@type":"ListItem","position":2,"name":"Workshop para profesionales expatriados en la Cambra de Comer\u00e7 Brasil-Catalunya"}]},{"@type":"WebSite","@id":"https:\/\/globalimmigration.es\/#website","url":"https:\/\/globalimmigration.es\/","name":"Global Immigration","description":"","potentialAction":[{"@type":"SearchAction","target":{"@type":"EntryPoint","urlTemplate":"https:\/\/globalimmigration.es\/?s={search_term_string}"},"query-input":{"@type":"PropertyValueSpecification","valueRequired":true,"valueName":"search_term_string"}}],"inLanguage":"en-US"},{"@type":"Person","@id":"https:\/\/globalimmigration.es\/#\/schema\/person\/5e3c191c98c9c9bdb172639c64070090","name":"Isabella Goldman","image":{"@type":"ImageObject","inLanguage":"en-US","@id":"https:\/\/secure.gravatar.com\/avatar\/4aa26c38eb280c14adaa6d272b06798f66a4784dfaf15a1c42f4871931f4a48a?s=96&d=mm&r=g","url":"https:\/\/secure.gravatar.com\/avatar\/4aa26c38eb280c14adaa6d272b06798f66a4784dfaf15a1c42f4871931f4a48a?s=96&d=mm&r=g","contentUrl":"https:\/\/secure.gravatar.com\/avatar\/4aa26c38eb280c14adaa6d272b06798f66a4784dfaf15a1c42f4871931f4a48a?s=96&d=mm&r=g","caption":"Isabella Goldman"}}]}},"_links":{"self":[{"href":"https:\/\/globalimmigration.es\/en\/wp-json\/wp\/v2\/posts\/1637","targetHints":{"allow":["GET"]}}],"collection":[{"href":"https:\/\/globalimmigration.es\/en\/wp-json\/wp\/v2\/posts"}],"about":[{"href":"https:\/\/globalimmigration.es\/en\/wp-json\/wp\/v2\/types\/post"}],"author":[{"embeddable":true,"href":"https:\/\/globalimmigration.es\/en\/wp-json\/wp\/v2\/users\/4"}],"replies":[{"embeddable":true,"href":"https:\/\/globalimmigration.es\/en\/wp-json\/wp\/v2\/comments?post=1637"}],"version-history":[{"count":0,"href":"https:\/\/globalimmigration.es\/en\/wp-json\/wp\/v2\/posts\/1637\/revisions"}],"wp:featuredmedia":[{"embeddable":true,"href":"https:\/\/globalimmigration.es\/en\/wp-json\/wp\/v2\/media\/1639"}],"wp:attachment":[{"href":"https:\/\/globalimmigration.es\/en\/wp-json\/wp\/v2\/media?parent=1637"}],"wp:term":[{"taxonomy":"category","embeddable":true,"href":"https:\/\/globalimmigration.es\/en\/wp-json\/wp\/v2\/categories?post=1637"},{"taxonomy":"post_tag","embeddable":true,"href":"https:\/\/globalimmigration.es\/en\/wp-json\/wp\/v2\/tags?post=1637"}],"curies":[{"name":"wp","href":"https:\/\/api.w.org\/{rel}","templated":true}]}}